{"id":2053,"date":"2016-02-06T17:47:12","date_gmt":"2016-02-06T15:47:12","guid":{"rendered":"http:\/\/luko.info\/?p=2053"},"modified":"2016-02-08T17:48:59","modified_gmt":"2016-02-08T15:48:59","slug":"valls-a-lassemblee","status":"publish","type":"post","link":"https:\/\/luko.info\/?p=2053","title":{"rendered":"Valls \u00e0 l&rsquo;Assembl\u00e9e"},"content":{"rendered":"<p>Entre deux d\u00e9dicaces \u00e0 la\u00a0FNAC, le premier ministre continue de faire des discours \u00e0 l&rsquo;Assembl\u00e9e, pour essayer de\u00a0justifier la d\u00e9ch\u00e9ance de nationalit\u00e9.<\/p>\n<p>Discours dont il pourra publier un nouveau recueil, qui pourra donner lieu \u00e0 de nouvelles d\u00e9dicaces&#8230;<\/p>\n<p>Tout ceci, dans l&rsquo;int\u00e9r\u00eat de la France, bien entendu&#8230;<br \/>\n<img data-recalc-dims=\"1\" loading=\"lazy\" decoding=\"async\" data-attachment-id=\"2059\" data-permalink=\"https:\/\/luko.info\/?attachment_id=2059\" data-orig-file=\"https:\/\/i0.wp.com\/luko.info\/wp-content\/uploads\/2016\/02\/VALLS-ASSEMBL%C3%89E-W-1.jpg?fit=1134%2C936&amp;ssl=1\" data-orig-size=\"1134,936\" data-comments-opened=\"1\" data-image-meta=\"{&quot;aperture&quot;:&quot;0&quot;,&quot;credit&quot;:&quot;&quot;,&quot;camera&quot;:&quot;&quot;,&quot;caption&quot;:&quot;&quot;,&quot;created_timestamp&quot;:&quot;0&quot;,&quot;copyright&quot;:&quot;&quot;,&quot;focal_length&quot;:&quot;0&quot;,&quot;iso&quot;:&quot;0&quot;,&quot;shutter_speed&quot;:&quot;0&quot;,&quot;title&quot;:&quot;&quot;,&quot;orientation&quot;:&quot;0&quot;}\" data-image-title=\"VALLS-ASSEMBL\u00c9E-W\" data-image-description=\"\" data-image-caption=\"\" data-medium-file=\"https:\/\/i0.wp.com\/luko.info\/wp-content\/uploads\/2016\/02\/VALLS-ASSEMBL%C3%89E-W-1.jpg?fit=300%2C248&amp;ssl=1\" data-large-file=\"https:\/\/i0.wp.com\/luko.info\/wp-content\/uploads\/2016\/02\/VALLS-ASSEMBL%C3%89E-W-1.jpg?fit=1024%2C845&amp;ssl=1\" class=\"alignleft size-large wp-image-2059\" src=\"https:\/\/i0.wp.com\/luko.info\/wp-content\/uploads\/2016\/02\/VALLS-ASSEMBL%C3%89E-W-1.jpg?resize=940%2C776\" alt=\"VALLS-ASSEMBL\u00c9E-W\" width=\"940\" height=\"776\" data-id=\"2059\" srcset=\"https:\/\/i0.wp.com\/luko.info\/wp-content\/uploads\/2016\/02\/VALLS-ASSEMBL%C3%89E-W-1.jpg?resize=1024%2C845&amp;ssl=1 1024w, https:\/\/i0.wp.com\/luko.info\/wp-content\/uploads\/2016\/02\/VALLS-ASSEMBL%C3%89E-W-1.jpg?resize=300%2C248&amp;ssl=1 300w, https:\/\/i0.wp.com\/luko.info\/wp-content\/uploads\/2016\/02\/VALLS-ASSEMBL%C3%89E-W-1.jpg?resize=768%2C634&amp;ssl=1 768w, https:\/\/i0.wp.com\/luko.info\/wp-content\/uploads\/2016\/02\/VALLS-ASSEMBL%C3%89E-W-1.jpg?w=1134&amp;ssl=1 1134w\" sizes=\"auto, (max-width: 940px) 100vw, 940px\" \/><\/p>\n","protected":false},"excerpt":{"rendered":"<p>Entre deux d\u00e9dicaces \u00e0 la\u00a0FNAC, le premier ministre continue de faire des discours \u00e0 l&rsquo;Assembl\u00e9e, pour essayer de\u00a0justifier la d\u00e9ch\u00e9ance &hellip; <a class=\"kt-excerpt-readmore\" href=\"https:\/\/luko.info\/?p=2053\" aria-label=\"Valls \u00e0 l&rsquo;Assembl\u00e9e\">Lire la suite<\/a><\/p>\n","protected":false},"author":1,"featured_media":2060,"comment_status":"open","ping_status":"open","sticky":false,"template":"","format":"standard","meta":{"jetpack_post_was_ever_published":false,"_jetpack_newsletter_access":"","_jetpack_dont_email_post_to_subs":false,"_jetpack_newsletter_tier_id":0,"_jetpack_memberships_contains_paywalled_content":false,"_jetpack_memberships_contains_paid_content":false,"footnotes":"","jetpack_publicize_message":"","jetpack_publicize_feature_enabled":true,"jetpack_social_post_already_shared":true,"jetpack_social_options":{"image_generator_settings":{"template":"highway","default_image_id":0,"font":"","enabled":false},"version":2}},"categories":[49],"tags":[206,81,205,204,43],"class_list":["post-2053","post","type-post","status-publish","format-standard","has-post-thumbnail","hentry","category-actualite","tag-assemblee","tag-chomage","tag-constitution","tag-decheance","tag-valls"],"jetpack_publicize_connections":[],"jetpack_featured_media_url":"https:\/\/i0.wp.com\/luko.info\/wp-content\/uploads\/2016\/02\/VALLS-ASSEMBL%C3%89E-UNE-W-1.jpg?fit=658%2C658&ssl=1","jetpack_sharing_enabled":true,"jetpack_shortlink":"https:\/\/wp.me\/p6mY0T-x7","_links":{"self":[{"href":"https:\/\/luko.info\/index.php?rest_route=\/wp\/v2\/posts\/2053","targetHints":{"allow":["GET"]}}],"collection":[{"href":"https:\/\/luko.info\/index.php?rest_route=\/wp\/v2\/posts"}],"about":[{"href":"https:\/\/luko.info\/index.php?rest_route=\/wp\/v2\/types\/post"}],"author":[{"embeddable":true,"href":"https:\/\/luko.info\/index.php?rest_route=\/wp\/v2\/users\/1"}],"replies":[{"embeddable":true,"href":"https:\/\/luko.info\/index.php?rest_route=%2Fwp%2Fv2%2Fcomments&post=2053"}],"version-history":[{"count":4,"href":"https:\/\/luko.info\/index.php?rest_route=\/wp\/v2\/posts\/2053\/revisions"}],"predecessor-version":[{"id":2065,"href":"https:\/\/luko.info\/index.php?rest_route=\/wp\/v2\/posts\/2053\/revisions\/2065"}],"wp:featuredmedia":[{"embeddable":true,"href":"https:\/\/luko.info\/index.php?rest_route=\/wp\/v2\/media\/2060"}],"wp:attachment":[{"href":"https:\/\/luko.info\/index.php?rest_route=%2Fwp%2Fv2%2Fmedia&parent=2053"}],"wp:term":[{"taxonomy":"category","embeddable":true,"href":"https:\/\/luko.info\/index.php?rest_route=%2Fwp%2Fv2%2Fcategories&post=2053"},{"taxonomy":"post_tag","embeddable":true,"href":"https:\/\/luko.info\/index.php?rest_route=%2Fwp%2Fv2%2Ftags&post=2053"}],"curies":[{"name":"wp","href":"https:\/\/api.w.org\/{rel}","templated":true}]}}