{"id":1472,"date":"2015-10-13T08:16:22","date_gmt":"2015-10-13T06:16:22","guid":{"rendered":"http:\/\/luko.info\/?p=1472"},"modified":"2015-10-13T11:31:22","modified_gmt":"2015-10-13T09:31:22","slug":"exposition-a-saint-galmier","status":"publish","type":"post","link":"https:\/\/luko.info\/?p=1472","title":{"rendered":"Exposition \u00e0 Saint-Galmier"},"content":{"rendered":"<p>Une expo collective, organis\u00e9e \u00e0 Saint-Galmier, o\u00f9 je pr\u00e9senterai notamment quelques gravures.<\/p>\n<p>Le vernissage est pr\u00e9vu samedi 17 octobre \u00e0 11h30.<\/p>\n<p>Les artistes pr\u00e9sents :<\/p>\n<p>Karine DODEL &#8211;\u00a0Sabine\u00a0FRERING &#8211;\u00a0Sylvie\u00a0HENRY &#8211;\u00a0Evelyne\u00a0JOUFFRE &#8211;\u00a0Jacqueline\u00a0ROVRI &#8211;\u00a0Jacqueline\u00a0BLANCHET &#8211;\u00a0Fr\u00e9d\u00e9ric\u00a0GILLET &#8211;\u00a0Isabelle\u00a0GOMEZ &#8211;\u00a0Louis\u00a0MOLLE &#8211;\u00a0Michel\u00a0MARTIN &#8211;\u00a0Any\u00a0THIVILLIER &#8211;\u00a0Aline\u00a0PRIOVILLE<\/p>\n<p><a href=\"https:\/\/i0.wp.com\/luko.info\/wp-content\/uploads\/2015\/10\/SAINT-GALMIER-Flyer.jpg\"><img data-recalc-dims=\"1\" loading=\"lazy\" decoding=\"async\" data-attachment-id=\"1473\" data-permalink=\"https:\/\/luko.info\/?attachment_id=1473\" data-orig-file=\"https:\/\/i0.wp.com\/luko.info\/wp-content\/uploads\/2015\/10\/SAINT-GALMIER-Flyer.jpg?fit=583%2C827&amp;ssl=1\" data-orig-size=\"583,827\" data-comments-opened=\"1\" data-image-meta=\"{&quot;aperture&quot;:&quot;0&quot;,&quot;credit&quot;:&quot;&quot;,&quot;camera&quot;:&quot;&quot;,&quot;caption&quot;:&quot;&quot;,&quot;created_timestamp&quot;:&quot;0&quot;,&quot;copyright&quot;:&quot;&quot;,&quot;focal_length&quot;:&quot;0&quot;,&quot;iso&quot;:&quot;0&quot;,&quot;shutter_speed&quot;:&quot;0&quot;,&quot;title&quot;:&quot;&quot;,&quot;orientation&quot;:&quot;0&quot;}\" data-image-title=\"SAINT-GALMIER&amp;#8212;Flyer\" data-image-description=\"\" data-image-caption=\"\" data-medium-file=\"https:\/\/i0.wp.com\/luko.info\/wp-content\/uploads\/2015\/10\/SAINT-GALMIER-Flyer.jpg?fit=211%2C300&amp;ssl=1\" data-large-file=\"https:\/\/i0.wp.com\/luko.info\/wp-content\/uploads\/2015\/10\/SAINT-GALMIER-Flyer.jpg?fit=583%2C827&amp;ssl=1\" class=\"alignleft size-full wp-image-1473\" src=\"https:\/\/i0.wp.com\/luko.info\/wp-content\/uploads\/2015\/10\/SAINT-GALMIER-Flyer.jpg?resize=583%2C827\" alt=\"SAINT-GALMIER---Flyer\" width=\"583\" height=\"827\" data-id=\"1473\" srcset=\"https:\/\/i0.wp.com\/luko.info\/wp-content\/uploads\/2015\/10\/SAINT-GALMIER-Flyer.jpg?w=583&amp;ssl=1 583w, https:\/\/i0.wp.com\/luko.info\/wp-content\/uploads\/2015\/10\/SAINT-GALMIER-Flyer.jpg?resize=211%2C300&amp;ssl=1 211w\" sizes=\"auto, (max-width: 583px) 100vw, 583px\" \/><\/a><\/p>\n","protected":false},"excerpt":{"rendered":"<p>Une expo collective, organis\u00e9e \u00e0 Saint-Galmier, o\u00f9 je pr\u00e9senterai notamment quelques gravures. Le vernissage est pr\u00e9vu samedi 17 octobre \u00e0 &hellip; <a class=\"kt-excerpt-readmore\" href=\"https:\/\/luko.info\/?p=1472\" aria-label=\"Exposition \u00e0 Saint-Galmier\">Lire la suite<\/a><\/p>\n","protected":false},"author":1,"featured_media":1479,"comment_status":"open","ping_status":"open","sticky":false,"template":"","format":"standard","meta":{"jetpack_post_was_ever_published":false,"_jetpack_newsletter_access":"","_jetpack_dont_email_post_to_subs":false,"_jetpack_newsletter_tier_id":0,"_jetpack_memberships_contains_paywalled_content":false,"_jetpack_memberships_contains_paid_content":false,"footnotes":"","jetpack_publicize_message":"","jetpack_publicize_feature_enabled":true,"jetpack_social_post_already_shared":true,"jetpack_social_options":{"image_generator_settings":{"template":"highway","default_image_id":0,"font":"","enabled":false},"version":2}},"categories":[49],"tags":[107],"class_list":["post-1472","post","type-post","status-publish","format-standard","has-post-thumbnail","hentry","category-actualite","tag-exposition"],"jetpack_publicize_connections":[],"jetpack_featured_media_url":"https:\/\/i0.wp.com\/luko.info\/wp-content\/uploads\/2015\/10\/SAINT-GALMIER-FlyerUNE.jpg?fit=624%2C595&ssl=1","jetpack_sharing_enabled":true,"jetpack_shortlink":"https:\/\/wp.me\/p6mY0T-nK","_links":{"self":[{"href":"https:\/\/luko.info\/index.php?rest_route=\/wp\/v2\/posts\/1472","targetHints":{"allow":["GET"]}}],"collection":[{"href":"https:\/\/luko.info\/index.php?rest_route=\/wp\/v2\/posts"}],"about":[{"href":"https:\/\/luko.info\/index.php?rest_route=\/wp\/v2\/types\/post"}],"author":[{"embeddable":true,"href":"https:\/\/luko.info\/index.php?rest_route=\/wp\/v2\/users\/1"}],"replies":[{"embeddable":true,"href":"https:\/\/luko.info\/index.php?rest_route=%2Fwp%2Fv2%2Fcomments&post=1472"}],"version-history":[{"count":6,"href":"https:\/\/luko.info\/index.php?rest_route=\/wp\/v2\/posts\/1472\/revisions"}],"predecessor-version":[{"id":1482,"href":"https:\/\/luko.info\/index.php?rest_route=\/wp\/v2\/posts\/1472\/revisions\/1482"}],"wp:featuredmedia":[{"embeddable":true,"href":"https:\/\/luko.info\/index.php?rest_route=\/wp\/v2\/media\/1479"}],"wp:attachment":[{"href":"https:\/\/luko.info\/index.php?rest_route=%2Fwp%2Fv2%2Fmedia&parent=1472"}],"wp:term":[{"taxonomy":"category","embeddable":true,"href":"https:\/\/luko.info\/index.php?rest_route=%2Fwp%2Fv2%2Fcategories&post=1472"},{"taxonomy":"post_tag","embeddable":true,"href":"https:\/\/luko.info\/index.php?rest_route=%2Fwp%2Fv2%2Ftags&post=1472"}],"curies":[{"name":"wp","href":"https:\/\/api.w.org\/{rel}","templated":true}]}}