{"id":1366,"date":"2015-09-25T16:50:41","date_gmt":"2015-09-25T14:50:41","guid":{"rendered":"http:\/\/luko.info\/?p=1366"},"modified":"2015-09-25T16:54:27","modified_gmt":"2015-09-25T14:54:27","slug":"crise-de-regime-2","status":"publish","type":"post","link":"https:\/\/luko.info\/?p=1366","title":{"rendered":"Crise de r\u00e9gime"},"content":{"rendered":"<p>Jean-Vincent Plac\u00e9 a quitt\u00e9 Europe-\u00c9cologie-Les-Verts.<\/p>\n<p>Jean-Vincent Plac\u00e9 a perdu du poids (et souhaiterait que les caricaturistes\u00a0en tiennent compte).<\/p>\n<p>Et surtout, il aimerait bien prendre un peu de poids politique &#8230;<\/p>\n<p><a href=\"https:\/\/i0.wp.com\/luko.info\/wp-content\/uploads\/2015\/09\/PLAC%C3%891.jpg\"><img data-recalc-dims=\"1\" loading=\"lazy\" decoding=\"async\" data-attachment-id=\"1369\" data-permalink=\"https:\/\/luko.info\/?attachment_id=1369\" data-orig-file=\"https:\/\/i0.wp.com\/luko.info\/wp-content\/uploads\/2015\/09\/PLAC%C3%891.jpg?fit=1128%2C713&amp;ssl=1\" data-orig-size=\"1128,713\" data-comments-opened=\"1\" data-image-meta=\"{&quot;aperture&quot;:&quot;0&quot;,&quot;credit&quot;:&quot;&quot;,&quot;camera&quot;:&quot;&quot;,&quot;caption&quot;:&quot;&quot;,&quot;created_timestamp&quot;:&quot;0&quot;,&quot;copyright&quot;:&quot;&quot;,&quot;focal_length&quot;:&quot;0&quot;,&quot;iso&quot;:&quot;0&quot;,&quot;shutter_speed&quot;:&quot;0&quot;,&quot;title&quot;:&quot;&quot;,&quot;orientation&quot;:&quot;0&quot;}\" data-image-title=\"PLAC\u00c9\" data-image-description=\"\" data-image-caption=\"\" data-medium-file=\"https:\/\/i0.wp.com\/luko.info\/wp-content\/uploads\/2015\/09\/PLAC%C3%891.jpg?fit=300%2C190&amp;ssl=1\" data-large-file=\"https:\/\/i0.wp.com\/luko.info\/wp-content\/uploads\/2015\/09\/PLAC%C3%891.jpg?fit=1024%2C647&amp;ssl=1\" class=\"alignleft size-large wp-image-1369\" src=\"https:\/\/i0.wp.com\/luko.info\/wp-content\/uploads\/2015\/09\/PLAC%C3%891.jpg?resize=940%2C594\" alt=\"PLAC\u00c9\" width=\"940\" height=\"594\" data-id=\"1369\" srcset=\"https:\/\/i0.wp.com\/luko.info\/wp-content\/uploads\/2015\/09\/PLAC%C3%891.jpg?resize=1024%2C647&amp;ssl=1 1024w, https:\/\/i0.wp.com\/luko.info\/wp-content\/uploads\/2015\/09\/PLAC%C3%891.jpg?resize=300%2C190&amp;ssl=1 300w, https:\/\/i0.wp.com\/luko.info\/wp-content\/uploads\/2015\/09\/PLAC%C3%891.jpg?resize=80%2C50&amp;ssl=1 80w, https:\/\/i0.wp.com\/luko.info\/wp-content\/uploads\/2015\/09\/PLAC%C3%891.jpg?w=1128&amp;ssl=1 1128w\" sizes=\"auto, (max-width: 940px) 100vw, 940px\" \/><\/a><\/p>\n<p>&nbsp;<\/p>\n","protected":false},"excerpt":{"rendered":"<p>Jean-Vincent Plac\u00e9 a quitt\u00e9 Europe-\u00c9cologie-Les-Verts. Jean-Vincent Plac\u00e9 a perdu du poids (et souhaiterait que les caricaturistes\u00a0en tiennent compte). Et surtout, &hellip; <a class=\"kt-excerpt-readmore\" href=\"https:\/\/luko.info\/?p=1366\" aria-label=\"Crise de r\u00e9gime\">Lire la suite<\/a><\/p>\n","protected":false},"author":1,"featured_media":1368,"comment_status":"open","ping_status":"open","sticky":false,"template":"","format":"standard","meta":{"jetpack_post_was_ever_published":false,"_jetpack_newsletter_access":"","_jetpack_dont_email_post_to_subs":false,"_jetpack_newsletter_tier_id":0,"_jetpack_memberships_contains_paywalled_content":false,"_jetpack_memberships_contains_paid_content":false,"footnotes":"","jetpack_publicize_message":"","jetpack_publicize_feature_enabled":true,"jetpack_social_post_already_shared":true,"jetpack_social_options":{"image_generator_settings":{"template":"highway","default_image_id":0,"font":"","enabled":false},"version":2}},"categories":[49],"tags":[90],"class_list":["post-1366","post","type-post","status-publish","format-standard","has-post-thumbnail","hentry","category-actualite","tag-place"],"jetpack_publicize_connections":[],"jetpack_featured_media_url":"https:\/\/i0.wp.com\/luko.info\/wp-content\/uploads\/2015\/09\/PLAC%C3%89-UNE.jpg?fit=770%2C770&ssl=1","jetpack_sharing_enabled":true,"jetpack_shortlink":"https:\/\/wp.me\/p6mY0T-m2","_links":{"self":[{"href":"https:\/\/luko.info\/index.php?rest_route=\/wp\/v2\/posts\/1366","targetHints":{"allow":["GET"]}}],"collection":[{"href":"https:\/\/luko.info\/index.php?rest_route=\/wp\/v2\/posts"}],"about":[{"href":"https:\/\/luko.info\/index.php?rest_route=\/wp\/v2\/types\/post"}],"author":[{"embeddable":true,"href":"https:\/\/luko.info\/index.php?rest_route=\/wp\/v2\/users\/1"}],"replies":[{"embeddable":true,"href":"https:\/\/luko.info\/index.php?rest_route=%2Fwp%2Fv2%2Fcomments&post=1366"}],"version-history":[{"count":3,"href":"https:\/\/luko.info\/index.php?rest_route=\/wp\/v2\/posts\/1366\/revisions"}],"predecessor-version":[{"id":1371,"href":"https:\/\/luko.info\/index.php?rest_route=\/wp\/v2\/posts\/1366\/revisions\/1371"}],"wp:featuredmedia":[{"embeddable":true,"href":"https:\/\/luko.info\/index.php?rest_route=\/wp\/v2\/media\/1368"}],"wp:attachment":[{"href":"https:\/\/luko.info\/index.php?rest_route=%2Fwp%2Fv2%2Fmedia&parent=1366"}],"wp:term":[{"taxonomy":"category","embeddable":true,"href":"https:\/\/luko.info\/index.php?rest_route=%2Fwp%2Fv2%2Fcategories&post=1366"},{"taxonomy":"post_tag","embeddable":true,"href":"https:\/\/luko.info\/index.php?rest_route=%2Fwp%2Fv2%2Ftags&post=1366"}],"curies":[{"name":"wp","href":"https:\/\/api.w.org\/{rel}","templated":true}]}}