{"id":1156,"date":"2015-08-15T21:46:51","date_gmt":"2015-08-15T19:46:51","guid":{"rendered":"http:\/\/luko.info\/?p=1156"},"modified":"2016-01-22T16:15:12","modified_gmt":"2016-01-22T14:15:12","slug":"le-foll-sous-pression","status":"publish","type":"post","link":"https:\/\/luko.info\/?p=1156","title":{"rendered":"Le Foll sous pression"},"content":{"rendered":"<p>Sur la br\u00e8che, avec les nombreuses manifestations de cet \u00e9t\u00e9, pris en tenaille entre agriculteurs, \u00e9leveurs et distributeurs,<\/p>\n<p>St\u00e9phane Le Foll fait aussi partie des possibles rempla\u00e7ants de Fran\u00e7ois Rebsamen au Minist\u00e8re de l&rsquo;Emploi.<\/p>\n<p><a href=\"https:\/\/i0.wp.com\/luko.info\/wp-content\/uploads\/2015\/08\/LE-FOLL.jpg\"><img data-recalc-dims=\"1\" loading=\"lazy\" decoding=\"async\" data-attachment-id=\"1157\" data-permalink=\"https:\/\/luko.info\/?attachment_id=1157\" data-orig-file=\"https:\/\/i0.wp.com\/luko.info\/wp-content\/uploads\/2015\/08\/LE-FOLL.jpg?fit=1169%2C844&amp;ssl=1\" data-orig-size=\"1169,844\" data-comments-opened=\"1\" data-image-meta=\"{&quot;aperture&quot;:&quot;0&quot;,&quot;credit&quot;:&quot;&quot;,&quot;camera&quot;:&quot;&quot;,&quot;caption&quot;:&quot;&quot;,&quot;created_timestamp&quot;:&quot;0&quot;,&quot;copyright&quot;:&quot;&quot;,&quot;focal_length&quot;:&quot;0&quot;,&quot;iso&quot;:&quot;0&quot;,&quot;shutter_speed&quot;:&quot;0&quot;,&quot;title&quot;:&quot;&quot;,&quot;orientation&quot;:&quot;0&quot;}\" data-image-title=\"LE-FOLL\" data-image-description=\"\" data-image-caption=\"\" data-medium-file=\"https:\/\/i0.wp.com\/luko.info\/wp-content\/uploads\/2015\/08\/LE-FOLL.jpg?fit=300%2C217&amp;ssl=1\" data-large-file=\"https:\/\/i0.wp.com\/luko.info\/wp-content\/uploads\/2015\/08\/LE-FOLL.jpg?fit=1024%2C739&amp;ssl=1\" class=\"alignleft size-large wp-image-1157\" src=\"https:\/\/i0.wp.com\/luko.info\/wp-content\/uploads\/2015\/08\/LE-FOLL.jpg?resize=940%2C678\" alt=\"LE-FOLL\" width=\"940\" height=\"678\" data-id=\"1157\" srcset=\"https:\/\/i0.wp.com\/luko.info\/wp-content\/uploads\/2015\/08\/LE-FOLL.jpg?resize=1024%2C739&amp;ssl=1 1024w, https:\/\/i0.wp.com\/luko.info\/wp-content\/uploads\/2015\/08\/LE-FOLL.jpg?resize=300%2C217&amp;ssl=1 300w, https:\/\/i0.wp.com\/luko.info\/wp-content\/uploads\/2015\/08\/LE-FOLL.jpg?w=1169&amp;ssl=1 1169w\" sizes=\"auto, (max-width: 940px) 100vw, 940px\" \/><\/a><\/p>\n","protected":false},"excerpt":{"rendered":"<p>Sur la br\u00e8che, avec les nombreuses manifestations de cet \u00e9t\u00e9, pris en tenaille entre agriculteurs, \u00e9leveurs et distributeurs, St\u00e9phane Le &hellip; <a class=\"kt-excerpt-readmore\" href=\"https:\/\/luko.info\/?p=1156\" aria-label=\"Le Foll sous pression\">Lire la suite<\/a><\/p>\n","protected":false},"author":1,"featured_media":2012,"comment_status":"open","ping_status":"open","sticky":false,"template":"","format":"standard","meta":{"jetpack_post_was_ever_published":false,"_jetpack_newsletter_access":"","_jetpack_dont_email_post_to_subs":false,"_jetpack_newsletter_tier_id":0,"_jetpack_memberships_contains_paywalled_content":false,"_jetpack_memberships_contains_paid_content":false,"footnotes":"","jetpack_publicize_message":"","jetpack_publicize_feature_enabled":true,"jetpack_social_post_already_shared":true,"jetpack_social_options":{"image_generator_settings":{"template":"highway","default_image_id":0,"font":"","enabled":false},"version":2}},"categories":[49],"tags":[76,47,75],"class_list":["post-1156","post","type-post","status-publish","format-standard","has-post-thumbnail","hentry","category-actualite","tag-agriculteurs","tag-chomeurs","tag-le-foll"],"jetpack_publicize_connections":[],"jetpack_featured_media_url":"https:\/\/i0.wp.com\/luko.info\/wp-content\/uploads\/2015\/08\/LE-FOLL-une-1.jpg?fit=712%2C712&ssl=1","jetpack_sharing_enabled":true,"jetpack_shortlink":"https:\/\/wp.me\/p6mY0T-iE","_links":{"self":[{"href":"https:\/\/luko.info\/index.php?rest_route=\/wp\/v2\/posts\/1156","targetHints":{"allow":["GET"]}}],"collection":[{"href":"https:\/\/luko.info\/index.php?rest_route=\/wp\/v2\/posts"}],"about":[{"href":"https:\/\/luko.info\/index.php?rest_route=\/wp\/v2\/types\/post"}],"author":[{"embeddable":true,"href":"https:\/\/luko.info\/index.php?rest_route=\/wp\/v2\/users\/1"}],"replies":[{"embeddable":true,"href":"https:\/\/luko.info\/index.php?rest_route=%2Fwp%2Fv2%2Fcomments&post=1156"}],"version-history":[{"count":6,"href":"https:\/\/luko.info\/index.php?rest_route=\/wp\/v2\/posts\/1156\/revisions"}],"predecessor-version":[{"id":1223,"href":"https:\/\/luko.info\/index.php?rest_route=\/wp\/v2\/posts\/1156\/revisions\/1223"}],"wp:featuredmedia":[{"embeddable":true,"href":"https:\/\/luko.info\/index.php?rest_route=\/wp\/v2\/media\/2012"}],"wp:attachment":[{"href":"https:\/\/luko.info\/index.php?rest_route=%2Fwp%2Fv2%2Fmedia&parent=1156"}],"wp:term":[{"taxonomy":"category","embeddable":true,"href":"https:\/\/luko.info\/index.php?rest_route=%2Fwp%2Fv2%2Fcategories&post=1156"},{"taxonomy":"post_tag","embeddable":true,"href":"https:\/\/luko.info\/index.php?rest_route=%2Fwp%2Fv2%2Ftags&post=1156"}],"curies":[{"name":"wp","href":"https:\/\/api.w.org\/{rel}","templated":true}]}}